[{"@context":"https:\/\/schema.org\/","@type":"Article","@id":"https:\/\/www.patala.cz\/s-plachtou-je-vzdy-lepe\/#Article","mainEntityOfPage":"https:\/\/www.patala.cz\/s-plachtou-je-vzdy-lepe\/","headline":"S plachtou je v\u017edy l\u00e9pe","name":"S plachtou je v\u017edy l\u00e9pe","description":"Kdy\u017e si \u010dlov\u011bk po\u0159\u00edd\u00ed na zahradu baz\u00e9n, o\u010dek\u00e1v\u00e1 p\u0159edev\u0161\u00edm to, \u017ee se v n\u011bm bude koupat za kr\u00e1sn\u00fdch letn\u00edch dn\u00ed. A nejednou si v\u016fbec nep\u0159ipou\u0161t\u00ed, \u017ee m\u016f\u017ee m\u00edt takov\u00fd baz\u00e9n i nejedno m\u00ednus. T\u011bch probl\u00e9m\u016f, kter\u00e9 se kolem on\u00e9 vodn\u00ed n\u00e1dr\u017ee mohou vyskytnout, je dost a dost. Zmi\u0148me si t\u0159eba postupn\u011b se kaz\u00edc\u00ed vodu, kter\u00e1 [&hellip;]","datePublished":"2019-02-02","dateModified":"2023-05-15","author":{"@type":"Person","@id":"https:\/\/www.patala.cz\/author\/#Person","name":"","url":"https:\/\/www.patala.cz\/author\/","identifier":1,"image":{"@type":"ImageObject","@id":"https:\/\/secure.gravatar.com\/avatar\/4860d213c5bedfa07ff2b166ff7b069759f9dbf79eae813578c75f9f8cb939b7?s=96&d=mm&r=g","url":"https:\/\/secure.gravatar.com\/avatar\/4860d213c5bedfa07ff2b166ff7b069759f9dbf79eae813578c75f9f8cb939b7?s=96&d=mm&r=g","height":96,"width":96}},"publisher":{"@type":"Organization","name":"patala.cz","logo":{"@type":"ImageObject","@id":"\/logo.png","url":"\/logo.png","width":600,"height":60}},"image":{"@type":"ImageObject","@id":"https:\/\/www.patala.cz\/wp-content\/uploads\/img_a341553_w3185_t1554284016.jpg","url":"https:\/\/www.patala.cz\/wp-content\/uploads\/img_a341553_w3185_t1554284016.jpg","height":0,"width":0},"url":"https:\/\/www.patala.cz\/s-plachtou-je-vzdy-lepe\/","about":["Produkty"],"wordCount":600,"articleBody":"        Kdy\u017e si \u010dlov\u011bk po\u0159\u00edd\u00ed na zahradu baz\u00e9n, o\u010dek\u00e1v\u00e1 p\u0159edev\u0161\u00edm to, \u017ee se v n\u011bm bude koupat za kr\u00e1sn\u00fdch letn\u00edch dn\u00ed. A nejednou si v\u016fbec nep\u0159ipou\u0161t\u00ed, \u017ee m\u016f\u017ee m\u00edt takov\u00fd baz\u00e9n i nejedno m\u00ednus. T\u011bch probl\u00e9m\u016f, kter\u00e9 se kolem on\u00e9 vodn\u00ed n\u00e1dr\u017ee mohou vyskytnout, je dost a dost. Zmi\u0148me si t\u0159eba postupn\u011b se kaz\u00edc\u00ed vodu, kter\u00e1 se m\u016f\u017ee v kone\u010dn\u00e9m d\u016fsledku prom\u011bnit t\u0159eba i v u\u010din\u011bnou b\u0159e\u010dku, do n\u00ed\u017e by nikdo soudn\u00fd ani na okam\u017eik nevstoupil, a v\u0161e to, co je proti tomu t\u0159eba ud\u011blat, jako je filtrace, p\u0159id\u00e1v\u00e1n\u00ed baz\u00e9nov\u00e9 chemie, vys\u00e1v\u00e1n\u00ed dna a tak.  Co\u017e je probl\u00e9m, j\u00edm\u017e se tu ale dnes budeme zab\u00fdvat jen okrajov\u011b. A to proto, \u017ee v boji s n\u00edm lze z\u010d\u00e1sti vyu\u017e\u00edt i to, co prim\u00e1rn\u011b proti tomuto probl\u00e9mu pou\u017e\u00edv\u00e1no nen\u00ed. Budeme se tu zaob\u00edrat probl\u00e9my jin\u00fdmi. A sice ji\u017e zm\u00edn\u011bnou \u010distotou vody a tak\u00e9 jej\u00ed teplotou Chce-li m\u00edt majitel baz\u00e9nu vodu uvnit\u0159 tohoto n\u00e1dhern\u011b pr\u016fzra\u010dnou, je z\u00e1hodno krom\u011b jej\u00edho \u010di\u0161t\u011bn\u00ed u\u010dinit v r\u00e1mci mo\u017enost\u00ed v\u0161e i pro to, aby se do n\u00ed ne\u010distoty z okoln\u00edho prost\u0159ed\u00ed v\u016fbec nedost\u00e1valy. Aby do n\u00ed napadalo co nejm\u00e9n\u011b list\u00ed ze strom\u016f, co nejm\u00e9n\u011b prachu rozn\u00e1\u0161en\u00e9ho vzduchem a kdo v\u00ed \u010deho je\u0161t\u011b. \u010ceho\u017e lze z\u010d\u00e1sti dos\u00e1hnout t\u00edm, \u017ee se baz\u00e9n v dob\u011b, kdy nen\u00ed vyu\u017e\u00edv\u00e1n, co nejdokonaleji p\u0159ikryje. A je to. M\u00e1-li b\u00fdt voda v baz\u00e9nu tepl\u00e1, lze ji bu\u010f p\u0159\u00edmo zde n\u011bjak\u00fdm za\u0159\u00edzen\u00edm oh\u0159\u00edvat, nebo sem pr\u016fb\u011b\u017en\u011b don\u00e1\u0161et teplou vodu odjinud, co\u017e m\u016f\u017ee b\u00fdt i dost drah\u00fd \u0161p\u00e1s. Nebo se lze spolehnout na to, \u017ee n\u00e1m stejnou slu\u017ebu prok\u00e1\u017eou i slune\u010dn\u00ed paprsky. Ov\u0161em ty posledn\u011b zm\u00edn\u011bn\u00e9 toho p\u0159ece jenom samy zase a\u017e tak moc nedok\u00e1\u017eou. Proto\u017ee Slunce je sice \u017ehav\u00e9, ale je od mati\u010dky Zem\u011b p\u0159\u00edli\u0161 daleko na to, aby d\u011blalo divy.  V obou t\u011bchto p\u0159\u00edpadech p\u0159ijdou v\u00edce ne\u017e k duhu baz\u00e9nov\u00e9 f\u00f3lie. Ony zd\u00e1nliv\u00e9 banality, je\u017e ale \u017e\u00e1dn\u00fdmi banalitami nejsou. Proto\u017ee vyberete-li si n\u011bkterou z r\u016fzn\u00fdch druh\u016f baz\u00e9nov\u00fdch foli\u00ed a plachet, u\u010din\u00edte jedin\u011b dob\u0159e. Jsou tu k m\u00e1n\u00ed plachty kryc\u00ed, je\u017e zabra\u0148uj\u00ed zne\u010di\u0161\u0165ov\u00e1n\u00ed vody v\u0161emo\u017en\u00fdm spadem t\u00edm, \u017ee baz\u00e9n v dob\u011b, kdy nen\u00ed vyu\u017e\u00edv\u00e1n, zakr\u00fdvaj\u00ed, a tak\u00e9 plachty sol\u00e1rn\u00ed, je\u017e krom\u011b t\u00e9\u017ee funkce zaji\u0161\u0165uj\u00ed i lep\u0161\u00ed zu\u017eitkov\u00e1n\u00ed tepla od slunce a n\u00e1sledn\u011b chr\u00e1n\u00ed p\u0159ed rychl\u00fdm chladnut\u00edm takto oh\u0159\u00e1t\u00e9 vody. Tak\u017ee m\u00e1 d\u00edky nim majitel vodu o pozn\u00e1n\u00ed \u010dist\u011bj\u0161\u00ed a teplej\u0161\u00ed. A to ka\u017ed\u00fd majitel, proto\u017ee jsou tyto produkty nab\u00edzeny v r\u016fzn\u00fdch velikostech i vyr\u00e1b\u011bny p\u0159\u00edmo na m\u00edru baz\u00e9n\u016f nestandardn\u00edch. A v ide\u00e1ln\u00edm p\u0159\u00edpad\u011b podlo\u017een\u00fdch ochrannou geotextili\u00ed pod baz\u00e9n, je\u017e zaru\u010d\u00ed, \u017ee nedojde k jeho po\u0161kozen\u00ed a takto skv\u011bl\u00e1 voda neunikne n\u011bjakou prasklinou.                                                                                                                                                                                                                                                                                                                                                                                          4.1\/5 - (11 votes)        "},{"@context":"https:\/\/schema.org\/","@type":"BreadcrumbList","itemListElement":[{"@type":"ListItem","position":1,"name":"S plachtou je v\u017edy l\u00e9pe","item":"https:\/\/www.patala.cz\/s-plachtou-je-vzdy-lepe\/#breadcrumbitem"}]}]