[{"@context":"https:\/\/schema.org\/","@type":"Article","@id":"https:\/\/www.patala.cz\/naucte-se-vyuzivat-kurkumu-ve-svuj-prospech-proc-je-tohle-koreni-zazracne\/#Article","mainEntityOfPage":"https:\/\/www.patala.cz\/naucte-se-vyuzivat-kurkumu-ve-svuj-prospech-proc-je-tohle-koreni-zazracne\/","headline":"Nau\u010dte se vyu\u017e\u00edvat kurkumu ve sv\u016fj prosp\u011bch. Pro\u010d je tohle ko\u0159en\u00ed z\u00e1zra\u010dn\u00e9?","name":"Nau\u010dte se vyu\u017e\u00edvat kurkumu ve sv\u016fj prosp\u011bch. Pro\u010d je tohle ko\u0159en\u00ed z\u00e1zra\u010dn\u00e9?","description":"http:\/\/www.cshlm.cz\/ et=UTF-8&#8243;&gt; Kurkumu jist\u011b zn\u00e1te jako ko\u0159en\u00ed, kter\u00e9 dod\u00e1v\u00e1 j\u00eddl\u016fm nezam\u011bnitelnou chu\u0165, v\u016fni a p\u0159edev\u0161\u00edm barvu. Ona m\u00e1 ale i skv\u011bl\u00e9 \u00fa\u010dinky na lidsk\u00e9 zdrav\u00ed. Nau\u010dte se vyu\u017e\u00edvat kurkumu ve sv\u016fj prosp\u011bch. Pro\u010d je tohle ko\u0159en\u00ed z\u00e1zra\u010dn\u00e9? Kurkuma se vyu\u017e\u00edv\u00e1 hojn\u011b v kuchyni a je vyhled\u00e1v\u00e1na pro svou typickou barvu, zaj\u00edmavou chu\u0165 i v\u016fni. Krom\u011b [&hellip;]","datePublished":"2020-06-21","dateModified":"2023-05-15","author":{"@type":"Person","@id":"https:\/\/www.patala.cz\/author\/#Person","name":"","url":"https:\/\/www.patala.cz\/author\/","identifier":1,"image":{"@type":"ImageObject","@id":"https:\/\/secure.gravatar.com\/avatar\/4860d213c5bedfa07ff2b166ff7b069759f9dbf79eae813578c75f9f8cb939b7?s=96&d=mm&r=g","url":"https:\/\/secure.gravatar.com\/avatar\/4860d213c5bedfa07ff2b166ff7b069759f9dbf79eae813578c75f9f8cb939b7?s=96&d=mm&r=g","height":96,"width":96}},"publisher":{"@type":"Organization","name":"patala.cz","logo":{"@type":"ImageObject","@id":"\/logo.png","url":"\/logo.png","width":600,"height":60}},"image":{"@type":"ImageObject","@id":"https:\/\/www.patala.cz\/wp-content\/uploads\/pexels-photo-877220.jpeg","url":"https:\/\/www.patala.cz\/wp-content\/uploads\/pexels-photo-877220.jpeg","height":0,"width":0},"url":"https:\/\/www.patala.cz\/naucte-se-vyuzivat-kurkumu-ve-svuj-prospech-proc-je-tohle-koreni-zazracne\/","about":["Produkty"],"wordCount":475,"articleBody":"  http:\/\/www.cshlm.cz\/ et=UTF-8&#8243;&gt;         Kurkumu jist\u011b zn\u00e1te jako ko\u0159en\u00ed, kter\u00e9 dod\u00e1v\u00e1 j\u00eddl\u016fm nezam\u011bnitelnou chu\u0165, v\u016fni a p\u0159edev\u0161\u00edm barvu. Ona m\u00e1 ale i skv\u011bl\u00e9 \u00fa\u010dinky na lidsk\u00e9 zdrav\u00ed.  Nau\u010dte se vyu\u017e\u00edvat kurkumu ve sv\u016fj prosp\u011bch. Pro\u010d je tohle ko\u0159en\u00ed z\u00e1zra\u010dn\u00e9?  Kurkuma se vyu\u017e\u00edv\u00e1 hojn\u011b v kuchyni a je vyhled\u00e1v\u00e1na pro svou typickou barvu, zaj\u00edmavou chu\u0165 i v\u016fni. Krom\u011b toho jde ale i o z\u00e1zrak p\u0159\u00edrodn\u00ed medic\u00edny. Skr\u00fdv\u00e1 v sob\u011b mnoho s\u00edly a dok\u00e1\u017ee si poradit s nejr\u016fzn\u011bj\u0161\u00edmi neduhy. Kurkuma se tak\u00e9 velmi \u010dasto vyu\u017e\u00edv\u00e1 jako p\u0159\u00edrodn\u00ed barvivo, jist\u011b zn\u00e1te tak\u00e9 kari, jeho\u017e je ned\u00edlnou sou\u010d\u00e1st\u00ed. Poznejte toto ko\u0159en\u00ed ale i z jeho druh\u00e9 str\u00e1nky, mo\u017en\u00e1 jej od te\u010f budete do sv\u00fdch j\u00eddel p\u0159id\u00e1vat mnohem \u010dast\u011bji. Slan\u00e1 i sladk\u00e1 kuchyn\u011b a pozitivn\u00ed vliv na zdrav\u00ed Toto ko\u0159en\u00ed nezam\u011bniteln\u00e9 barvy m\u00e1 blahod\u00e1rn\u00e9 \u00fa\u010dinky na lidsk\u00e9 zdrav\u00ed. Jde o \u00fa\u017easn\u00fd p\u0159\u00edrodn\u00ed antioxidant, podporuje tr\u00e1ven\u00ed ale tak\u00e9 krevn\u00ed ob\u011bh a m\u00e1 siln\u00e9 protiz\u00e1n\u011btliv\u00e9 \u00fa\u010dinky. Vyu\u017e\u00edv\u00e1 se ji\u017e po stalet\u00ed a sv\u00e9 pevn\u00e9 m\u00edsto m\u00e1 i v indick\u00e9 \u00e1jurv\u00e9d\u011b. V lidov\u00e9m l\u00e9\u010ditelstv\u00ed se ale nevyu\u017e\u00edv\u00e1 jen v Asii, kter\u00e1 je domovem tohoto ko\u0159en\u00ed. Nejlep\u0161\u00ed na tom je, \u017ee ko\u0159en\u00ed m\u016f\u017eete p\u0159id\u00e1vat t\u00e9m\u011b\u0159 do jak\u00fdchkoliv j\u00eddel a doma v\u00e1m tak opravdu dlouho st\u00e1t nez\u016fstane. V\u00fdborn\u011b se hod\u00ed jak pro p\u0159\u00edpravu sladk\u00fdch tak i slan\u00fdch pokrm\u016f, pro svou v\u00fdraznou barvu lze za pomoc\u00ed n\u011bj zaj\u00edmav\u011b o\u017eivit i p\u0159\u00edlohy k j\u00eddlu a i oby\u010dejn\u00e1 b\u00edl\u00e1 r\u00fd\u017ee se tak m\u016f\u017ee v m\u017eiku prom\u011bnit.   Krom\u011b toho, \u017ee lze kurkumu p\u0159id\u00e1vat do j\u00eddel, u\u017e\u00edvat se d\u00e1 i ve form\u011b tablet, pokud tedy nejste zrovna zdatn\u00ed kucht\u00edci, nezoufejte. Kurkuma tablety se velmi snadno u\u017e\u00edvaj\u00ed a ji\u017e pouh\u00e9 t\u0159i tobolky denn\u011b v\u00e1m uprav\u00ed krevn\u00ed ob\u011bh i v\u00fdrazn\u011b zlep\u0161\u00ed tr\u00e1ven\u00ed. Dlouhodob\u00fdm u\u017e\u00edv\u00e1n\u00edm pak posilujete imunitu a sv\u00e9 t\u011blo tak\u00e9 pro\u010dist\u00edte.  \u017dlut\u00e9 barvivo V\u00fdrazn\u011b \u017elut\u00e1 barva ko\u0159en\u00ed se \u010dasto vyu\u017e\u00edv\u00e1 jako p\u0159\u00edrodn\u00ed potravin\u00e1\u0159sk\u00e9 barvivo, co\u017e k tomu p\u0159\u00edmo sv\u00e1d\u00ed. V Asii, kde je kurkuma skoro n\u00e1rodn\u00edm pokladem a odkud tak\u00e9 poch\u00e1z\u00ed se, ale krom\u011b toho pou\u017e\u00edv\u00e1 i jako barvivo na t\u011blo p\u0159i nejr\u016fzn\u011bj\u0161\u00edch lidov\u00fdch ob\u0159adech a jako prost\u0159edek pro zkr\u00e1\u0161len\u00ed \u017een.  O\u017eivte i vy va\u0161i kuchyni a bu\u010fte zdrav\u011bj\u0161\u00ed.                                                                                                                                                                                                                                                                                                                                                                                           3.9\/5 - (10 votes)        "},{"@context":"https:\/\/schema.org\/","@type":"BreadcrumbList","itemListElement":[{"@type":"ListItem","position":1,"name":"Nau\u010dte se vyu\u017e\u00edvat kurkumu ve sv\u016fj prosp\u011bch. Pro\u010d je tohle ko\u0159en\u00ed z\u00e1zra\u010dn\u00e9?","item":"https:\/\/www.patala.cz\/naucte-se-vyuzivat-kurkumu-ve-svuj-prospech-proc-je-tohle-koreni-zazracne\/#breadcrumbitem"}]}]