[{"@context":"https:\/\/schema.org\/","@type":"Article","@id":"https:\/\/www.patala.cz\/nase-skla-zachrani-den-kazdemu\/#Article","mainEntityOfPage":"https:\/\/www.patala.cz\/nase-skla-zachrani-den-kazdemu\/","headline":"Na\u0161e skla zachr\u00e1n\u00ed den ka\u017ed\u00e9mu","name":"Na\u0161e skla zachr\u00e1n\u00ed den ka\u017ed\u00e9mu","description":"P\u0159i rozbit\u00e9m sklu rovnou k n\u00e1m Prasklo v\u00e1m p\u0159edn\u00ed, \u010di zadn\u00ed autosklo, nebo se v\u00e1m rozbilo? Pak nezoufejte a v\u011bzte, \u017ee je tu pro v\u00e1s rychl\u00e9 a snadn\u00e9 \u0159e\u0161en\u00ed a t\u00edm je autosklo Praha. Prov\u00e1d\u00edme v\u00fdm\u011bny a opravy autoskel a jsme v tomto sm\u011bru dob\u0159\u00ed. Dejte n\u00e1m svou plnou d\u016fv\u011bru. P\u0159ijet za n\u00e1mi m\u016f\u017eete kdykoliv. [&hellip;]","datePublished":"2025-04-12","dateModified":"2025-04-12","author":{"@type":"Person","@id":"https:\/\/www.patala.cz\/author\/#Person","name":"","url":"https:\/\/www.patala.cz\/author\/","identifier":1,"image":{"@type":"ImageObject","@id":"https:\/\/secure.gravatar.com\/avatar\/4860d213c5bedfa07ff2b166ff7b069759f9dbf79eae813578c75f9f8cb939b7?s=96&d=mm&r=g","url":"https:\/\/secure.gravatar.com\/avatar\/4860d213c5bedfa07ff2b166ff7b069759f9dbf79eae813578c75f9f8cb939b7?s=96&d=mm&r=g","height":96,"width":96}},"publisher":{"@type":"Organization","name":"patala.cz","logo":{"@type":"ImageObject","@id":"\/logo.png","url":"\/logo.png","width":600,"height":60}},"url":"https:\/\/www.patala.cz\/nase-skla-zachrani-den-kazdemu\/","wordCount":205,"articleBody":"P\u0159i rozbit\u00e9m sklu rovnou k n\u00e1mPrasklo v\u00e1m p\u0159edn\u00ed, \u010di zadn\u00ed autosklo, nebo se v\u00e1m rozbilo? Pak nezoufejte a v\u011bzte, \u017ee je tu pro v\u00e1s rychl\u00e9 a snadn\u00e9 \u0159e\u0161en\u00ed a t\u00edm je autosklo Praha. Prov\u00e1d\u00edme v\u00fdm\u011bny a opravy autoskel a jsme v tomto sm\u011bru dob\u0159\u00ed. Dejte n\u00e1m svou plnou d\u016fv\u011bru. P\u0159ijet za n\u00e1mi m\u016f\u017eete kdykoliv.Vyberte si n\u00e1s a na\u0161e autosklaAutosklo Praha v\u00e1m oprav\u00ed va\u0161e sklo do hodiny a d\u016fvod je ten, \u017ee ke sv\u00e9 pr\u00e1ci pou\u017e\u00edv\u00e1me nejmodern\u011bj\u0161\u00ed technologie, d\u00edky kter\u00fdm oprav\u00edme kdeco. Va\u0161e sklo bude op\u011bt jako nov\u00e9 a nav\u0161t\u00edvit n\u00e1s m\u016f\u017eete kdykoliv, proto\u017ee u n\u00e1s se nikdy nezav\u00edr\u00e1.Je to snadn\u00e9Autosklo Praha v\u00e1m nab\u00edz\u00ed snadnou cestu k oprav\u011b a to d\u00edky tomu, \u017ee m\u00e1me dohody s poji\u0161\u0165ovnami a tak u n\u00e1s nebudete vy, kdo bude muset opravu, \u010di v\u00fdm\u011bnu platit. Dokumentaci, kter\u00e1 je k tomu nutn\u00e1 za v\u00e1s vyp\u00ed\u0161eme. V\u00edce informac\u00ed najdete na na\u0161ich str\u00e1nk\u00e1ch.                                                                                                                                                                                                                                                                                                                                                                                                "},{"@context":"https:\/\/schema.org\/","@type":"BreadcrumbList","itemListElement":[{"@type":"ListItem","position":1,"name":"Na\u0161e skla zachr\u00e1n\u00ed den ka\u017ed\u00e9mu","item":"https:\/\/www.patala.cz\/nase-skla-zachrani-den-kazdemu\/#breadcrumbitem"}]}]