[{"@context":"https:\/\/schema.org\/","@type":"Article","@id":"https:\/\/www.patala.cz\/mobilni-domy-celorocni-plnohodnotne-zazemi\/#Article","mainEntityOfPage":"https:\/\/www.patala.cz\/mobilni-domy-celorocni-plnohodnotne-zazemi\/","headline":"Mobiln\u00ed domy celoro\u010dn\u00ed \u2013 plnohodnotn\u00e9 z\u00e1zem\u00ed","name":"Mobiln\u00ed domy celoro\u010dn\u00ed \u2013 plnohodnotn\u00e9 z\u00e1zem\u00ed","description":"Kdo by netou\u017eil po vlastn\u00edm bydlen\u00ed a je\u0161t\u011b ke v\u0161emu kdyby to byl d\u016fm se zahradou? To je p\u0159edstava ka\u017ed\u00e9ho kdo si je\u0161t\u011b vlastn\u00ed bydlen\u00ed nepo\u0159\u00eddil a r\u00e1d by tuto skute\u010dnost napravil. M\u016f\u017eete si l\u00e9ta \u0161et\u0159it nebo vz\u00edt na dlouh\u00e1 l\u00e9ta hypot\u00e9ku, ale v\u0161e m\u00e1 svoje \u00faskal\u00ed a ne ka\u017ed\u00fd si tyto dv\u011b varianty m\u016f\u017ee [&hellip;]","datePublished":"2019-02-18","dateModified":"2023-05-15","author":{"@type":"Person","@id":"https:\/\/www.patala.cz\/author\/#Person","name":"","url":"https:\/\/www.patala.cz\/author\/","identifier":1,"image":{"@type":"ImageObject","@id":"https:\/\/secure.gravatar.com\/avatar\/4860d213c5bedfa07ff2b166ff7b069759f9dbf79eae813578c75f9f8cb939b7?s=96&d=mm&r=g","url":"https:\/\/secure.gravatar.com\/avatar\/4860d213c5bedfa07ff2b166ff7b069759f9dbf79eae813578c75f9f8cb939b7?s=96&d=mm&r=g","height":96,"width":96}},"publisher":{"@type":"Organization","name":"patala.cz","logo":{"@type":"ImageObject","@id":"\/logo.png","url":"\/logo.png","width":600,"height":60}},"image":{"@type":"ImageObject","@id":"https:\/\/www.patala.cz\/wp-content\/uploads\/img_a339107_w1720_t1552306820.jpg","url":"https:\/\/www.patala.cz\/wp-content\/uploads\/img_a339107_w1720_t1552306820.jpg","height":0,"width":0},"url":"https:\/\/www.patala.cz\/mobilni-domy-celorocni-plnohodnotne-zazemi\/","about":["D\u016fm a zahrada"],"wordCount":467,"articleBody":"       Kdo by netou\u017eil po vlastn\u00edm bydlen\u00ed a je\u0161t\u011b ke v\u0161emu kdyby to byl d\u016fm se zahradou? To je p\u0159edstava ka\u017ed\u00e9ho kdo si je\u0161t\u011b vlastn\u00ed bydlen\u00ed nepo\u0159\u00eddil a r\u00e1d by tuto skute\u010dnost napravil. M\u016f\u017eete si l\u00e9ta \u0161et\u0159it nebo vz\u00edt na dlouh\u00e1 l\u00e9ta hypot\u00e9ku, ale v\u0161e m\u00e1 svoje \u00faskal\u00ed a ne ka\u017ed\u00fd si tyto dv\u011b varianty m\u016f\u017ee dovolit.  Za jedno na bydlen\u00ed m\u016f\u017eete \u0161et\u0159it takov\u00fdch let, \u017ee nakonec to vzd\u00e1te a za druh\u00e9 ne ka\u017ed\u00fd na hypot\u00e9ku dos\u00e1hne. Vy v\u0161ak pot\u0159ebujete situaci \u0159e\u0161it rychle, snadno a hlavn\u011b levn\u011b. Jak na to?Va\u0161e sny o vlastn\u00edm bydlen\u00ed a ke v\u0161emu rychle, levn\u011b a bez n\u00e1mahy dok\u00e1\u017eou vy\u0159e\u0161it mobiln\u00ed domy celoro\u010dn\u00ed. Jejich popularita byla je\u0161t\u011b ned\u00e1vno zn\u00e1m\u00e1 pouze v zahrani\u010d\u00ed, ale na\u0161t\u011bst\u00ed se dostal tento typ bydlen\u00ed i k n\u00e1m a mnoh\u00fdm tak zachr\u00e1nil situaci s bydlen\u00edm. Jedn\u00e1 se o trend modern\u00ed doby, kter\u00fd m\u016f\u017ee slou\u017eit k rekrea\u010dn\u00edmu i trval\u00e9mu bydlen\u00ed. Pokud se rozhodnete si takov\u00e9 bydlen\u00ed po\u0159\u00eddit, tak na trhu se setk\u00e1te s dv\u011bma typy. Prvn\u00ed je ten klasick\u00fd karavan, kter\u00fd sp\u00ed\u0161 slou\u017e\u00ed jako st\u0159echa nad hlavou, kterou jednodu\u0161e p\u0159ipevn\u00edte za automobil a odjedete t\u0159eba na dovolenou. V\u00e1s v\u0161ak bude zaj\u00edmat p\u0159edev\u0161\u00edm druh\u00fd typ, kter\u00fd sice nebudete vozit za sv\u00fdm autem, ale bude v\u00e1m na v\u00e1\u0161 pozemek p\u0159ivezen\u00fd nikoliv postaven\u00fd tradi\u010dn\u00ed stavbou. Po \u00faprav\u00e1ch jsou tyto typy domy k nerozezn\u00e1n\u00ed od tradi\u010dn\u00edch bungalov\u016f a podobn\u011b. Jakmile mobilheim z\u00edsk\u00e1 ve\u0161ker\u00e9 \u00fapravy v\u010detn\u011b zateplen\u00ed \u010di v\u00fdm\u011bny oken, tak je vhodn\u00fd k celoro\u010dn\u00edmu bydlen\u00ed a nav\u00edc se jedn\u00e1 o bydlen\u00ed s n\u00edzk\u00fdmi n\u00e1klady na ve\u0161ker\u00e9 energie. Rychl\u00e9 zaji\u0161t\u011bn\u00ed st\u0159echy nad hlavou Tento typ bydlen\u00ed si m\u016f\u017eete vybrat z ji\u017e dostupn\u00fdch a hotov\u00fdch nab\u00eddek nebo si jej m\u016f\u017eete nechat zhotovit na m\u00edru a p\u0159edem nakonfigurovat podle sv\u00fdch pot\u0159eb a p\u0159edstav. Pokud pot\u0159ebujete bydlet co nejd\u0159\u00edve, tak v tomto p\u0159\u00edpad\u011b opravdu nebudete \u010dekat dlouh\u00e9 m\u011bs\u00edce nebo roky, ale ji\u017e do p\u00e1r dn\u016f \u010di t\u00fddn\u016f m\u00e1te st\u0159echu nad hlavou. Z\u00e1le\u017e\u00ed na individu\u00e1ln\u00edch pot\u0159eb\u00e1ch a konkr\u00e9tn\u00edm v\u00fdb\u011bru.A co v\u00edc, financov\u00e1n\u00ed je mo\u017en\u00e9 pomoc\u00ed spot\u0159ebitelsk\u00e9ho \u00fav\u011bru, tak\u017ee se nebude jednat i \u017e\u00e1dnou z\u00e1vratnou \u010d\u00e1stku, kter\u00e1 v\u00e1s zadlu\u017e\u00ed na dlouh\u00e1 l\u00e9ta.                                                                                                                                                                                                                                                                                                                                                                                                 "},{"@context":"https:\/\/schema.org\/","@type":"BreadcrumbList","itemListElement":[{"@type":"ListItem","position":1,"name":"Mobiln\u00ed domy celoro\u010dn\u00ed \u2013 plnohodnotn\u00e9 z\u00e1zem\u00ed","item":"https:\/\/www.patala.cz\/mobilni-domy-celorocni-plnohodnotne-zazemi\/#breadcrumbitem"}]}]