[{"@context":"https:\/\/schema.org\/","@type":"Article","@id":"https:\/\/www.patala.cz\/co-se-nosi-a-co-ne\/#Article","mainEntityOfPage":"https:\/\/www.patala.cz\/co-se-nosi-a-co-ne\/","headline":"Co se nos\u00ed a co ne","name":"Co se nos\u00ed a co ne","description":"Ve sk\u0159\u00edni nem\u016f\u017eu naj\u00edt b\u00edl\u00e9 tri\u010dko s&nbsp;t\u0159\u00ed\u010dtvrte\u010dn\u00edm ruk\u00e1vem, hodilo by se mi k&nbsp;nov\u00fdm d\u017e\u00edn\u016fm, kter\u00e9 jsem si v\u010dera koupila. Vyr\u00e1\u017e\u00edm proto znovu do obchodn\u00edho centra a proch\u00e1z\u00edm se mezi stojany v H&amp;M. Nakonec si vyberu k&nbsp;tri\u010dku je\u0161t\u011b sv\u011btle modr\u00fd \u0161\u00e1tek a m\u00ed\u0159\u00edm k&nbsp;pokladn\u011b, n\u00e1kup si nech\u00e1m d\u00e1t do pap\u00edrov\u00e9 ta\u0161ky. Abychom na\u0161ili \u017eenu, kter\u00e1 p\u0159isp\u011bla [&hellip;]","datePublished":"2019-08-27","dateModified":"2023-05-15","author":{"@type":"Person","@id":"https:\/\/www.patala.cz\/author\/#Person","name":"","url":"https:\/\/www.patala.cz\/author\/","identifier":1,"image":{"@type":"ImageObject","@id":"https:\/\/secure.gravatar.com\/avatar\/4860d213c5bedfa07ff2b166ff7b069759f9dbf79eae813578c75f9f8cb939b7?s=96&d=mm&r=g","url":"https:\/\/secure.gravatar.com\/avatar\/4860d213c5bedfa07ff2b166ff7b069759f9dbf79eae813578c75f9f8cb939b7?s=96&d=mm&r=g","height":96,"width":96}},"publisher":{"@type":"Organization","name":"patala.cz","logo":{"@type":"ImageObject","@id":"\/logo.png","url":"\/logo.png","width":600,"height":60}},"image":{"@type":"ImageObject","@id":"https:\/\/www.patala.cz\/wp-content\/uploads\/img_a353826_w3374_t1568452236.jpg","url":"https:\/\/www.patala.cz\/wp-content\/uploads\/img_a353826_w3374_t1568452236.jpg","height":0,"width":0},"url":"https:\/\/www.patala.cz\/co-se-nosi-a-co-ne\/","about":["M\u00f3da"],"wordCount":517,"articleBody":"Ve sk\u0159\u00edni nem\u016f\u017eu naj\u00edt b\u00edl\u00e9 tri\u010dko s&nbsp;t\u0159\u00ed\u010dtvrte\u010dn\u00edm ruk\u00e1vem, hodilo by se mi k&nbsp;nov\u00fdm d\u017e\u00edn\u016fm, kter\u00e9 jsem si v\u010dera koupila. Vyr\u00e1\u017e\u00edm proto znovu do obchodn\u00edho centra a proch\u00e1z\u00edm se mezi stojany v H&amp;M. Nakonec si vyberu k&nbsp;tri\u010dku je\u0161t\u011b sv\u011btle modr\u00fd \u0161\u00e1tek a m\u00ed\u0159\u00edm k&nbsp;pokladn\u011b, n\u00e1kup si nech\u00e1m d\u00e1t do pap\u00edrov\u00e9 ta\u0161ky. Abychom na\u0161ili \u017eenu, kter\u00e1 p\u0159isp\u011bla k pozitivn\u00edmu obratu k&nbsp;ekologi\u010dt\u011bj\u0161\u00ed v\u00fdrob\u011b tohoto \u0161v\u00e9dsk\u00e9ho m\u00f3dn\u00edho \u0159et\u011bzce, p\u0159eplujme p\u0159es Baltsk\u00e9 mo\u0159e do Estonska.\tA\u017e ke ko\u0159en\u016fmP\u0159ed n\u011bkolika lety jsem na filmov\u00e9m festivalu Jeden sv\u011bt shl\u00e9dla p\u0159\u00edb\u011bh m\u00f3dn\u00ed n\u00e1vrh\u00e1\u0159ky Reet Ausov\u00e9 a byla jsem z&nbsp;n\u011bj nad\u0161en\u00e1. V\u011bnovala se metod\u011b upcyklace, co\u017e je stru\u010dn\u011b \u0159e\u010deno tvorba nov\u00fdch model\u016f z&nbsp;p\u0159ebyte\u010dn\u00fdch materi\u00e1l\u016f, kter\u00e9 by jinak skon\u010dily na skl\u00e1dce. P\u00eddila se tak\u00e9 po stop\u00e1ch v\u00fdrobn\u00edho \u0159et\u011bzce Hennes and Mauritz a nakonec se dostala a\u017e do asijsk\u00e9 Banglad\u00e9\u0161e. Zjistila, \u017ee b\u011bhem v\u00fdroby doch\u00e1z\u00ed k&nbsp;obrovsk\u00e9mu pl\u00fdtv\u00e1n\u00ed materi\u00e1lem. Proto\u017ee j\u00ed to nebylo jedno, komunikovala s&nbsp;veden\u00edm firmy, se kter\u00fdm se d\u00edky sv\u00e9 vytrvalosti s&nbsp;odstupem \u010dasu zaslou\u017eila za drobnou zm\u011bnu k&nbsp;lep\u0161\u00edmu. Ruku na srdce, p\u0159esv\u011bd\u010dit nadn\u00e1rodn\u00ed korporace k&nbsp;tomu myslet m\u00e9n\u011b na v\u00fdd\u011blek a v\u00edce na planetu je o\u0159\u00ed\u0161ek.\tC\u00edtit se stylov\u011bMo\u017en\u00e1 si \u0159\u00edk\u00e1te, \u017ee byste na sob\u011b necht\u011bli nosit n\u011bco, co je v&nbsp;podstat\u011b &bdquo;odpad&ldquo;. Pod\u00edvejme se na to ale z&nbsp;jin\u00e9ho \u00fahlu pohledu. Obvykle vyhled\u00e1v\u00e1me styl, kter\u00fd je aktu\u00e1ln\u011b sou\u010d\u00e1st\u00ed ur\u010dit\u00e9ho m\u00f3dn\u00edho trendu. Sna\u017e\u00edme se pak sladit pr\u00e1v\u011b s&nbsp;t\u00edmto sm\u011brem. P\u0159edstavme si tedy situaci, \u017ee je in obl\u00e9ci si na sebe sukni vyrobenou z ko\u0161ile, kter\u00e1 se m\u011bla vyhodit, ale n\u00e1vrh\u00e1\u0159 j\u00ed dal novou hodnotu. Vznik\u00e1 n\u00e1m t\u00edm p\u00e1dem origin\u00e1ln\u00ed trend, kter\u00fd m\u016f\u017eeme n\u00e1sledovat.&nbsp; Dost\u00e1v\u00e1me se j\u00edm z\u00e1rove\u0148 bl\u00ed\u017e k&nbsp;p\u0159\u00edrod\u011b, proto\u017ee od n\u00e1s opravdu nen\u00ed f\u00e9r neust\u00e1le ji zahlcovat pytli pln\u00fdmi t\u011b\u017eko rozlo\u017eiteln\u00fdch hadr\u016f.&nbsp; Jak to tu bude vypadat z\u00edtra, to je na n\u00e1s. Je to jen na\u0161e volba, jestli budeme kupovat a vyhazovat rychle a zb\u011bsile, nebo v\u00edc p\u0159em\u00fd\u0161let a sami tvo\u0159it. Tak m\u011b te\u010f napad\u00e1, \u017ee a\u017e se mi to b\u00edl\u00e9 tri\u010dko p\u0159estane l\u00edbit, zkus\u00edm ho upcyklovat a vyrob\u00edm si z&nbsp;n\u011bj ta\u0161ku.                                                                                                                                                                                                                                                                                                                                                                                        4.6\/5 - (8 votes)        "},{"@context":"https:\/\/schema.org\/","@type":"BreadcrumbList","itemListElement":[{"@type":"ListItem","position":1,"name":"Co se nos\u00ed a co ne","item":"https:\/\/www.patala.cz\/co-se-nosi-a-co-ne\/#breadcrumbitem"}]}]